{"id":5804,"date":"2021-06-01T11:28:39","date_gmt":"2021-06-01T11:28:39","guid":{"rendered":"https:\/\/nkeu.mk\/?p=5804"},"modified":"2022-03-22T11:30:22","modified_gmt":"2022-03-22T11:30:22","slug":"second-session-of-working-group-3-judiciary-and-fundamental-rights-freedom-of-expression-against-defamation-insult-and-hate-speech-2","status":"publish","type":"post","link":"https:\/\/nkeu.mk\/en\/2021\/06\/01\/second-session-of-working-group-3-judiciary-and-fundamental-rights-freedom-of-expression-against-defamation-insult-and-hate-speech-2\/","title":{"rendered":"Eighth session of Working group 3 &#8211; Judiciary and fundamental rights (Chapter 23) &#8211; \u201cFreedom of expression against defamation, insult and hate speech&#8221;"},"content":{"rendered":"<p>Second session of the second cycle of Working group 3 \u2013 Judiciary and fundamental rights (Chapter 23) of the National Convention on the European Union in the Republic of North Macedonia (NCEU-MK) on the subject:\u00a0&#8220;Freedom of expression against defamation insult and hate speech&#8221;<\/p>\n<p>Participants:<\/p>\n<p><strong>Mileva GJUROVSKA, <\/strong>Professor, National coordinator of NCEU-MK, President of European Movement EM-MK<\/p>\n<p><strong>Henrik MARKUS, <\/strong>Ambassador of Slovak Republic in North Macedonia<\/p>\n<p><strong>Dragan TILEV, <\/strong>State Counsellor, Secretariat for European Affairs<\/p>\n<p><strong>Frosina TASEVSKA, <\/strong>Acting State Secretary, Ministry of Justice of the Republic of North Macedonia<\/p>\n<p><strong>Muhamed HALILI<\/strong>, Vice- President of European Movement<\/p>\n<p><strong>Nikola TUPANCESKI<\/strong>, Professor, \u201cSt-s Cyril and Methodius\u201d University, Faculty of Law<\/p>\n<p><strong>K\u00e1lm\u00e1n PET\u0150CZ, <\/strong>Chairman of the Helsinki Committee for Human Rights in Slovakia and former diplomat<\/p>\n<p><strong>Nenad SAVESKI, <\/strong>Judge in Basic criminal court \u2013 Skopje<\/p>\n<p><strong>Jasna BACOVSKA &#8211; NEDIKJ, <\/strong>Professor, \u201cSt-s Cyril and Methodius\u201d University, Faculty of Law<\/p>\n<p><strong>Margarita Caca NIKOLOVSKA<\/strong>, Judge at the constitutional court of Bosnia and Herzegovina and former judge at the European court for human rights<\/p>\n<p><strong>Snezana TRPEVSKA, <\/strong>Research institute on social development &#8211; RESIS<\/p>\n<p><strong>Aleksandra DEANOSKA &#8211; TRENDAFILOVA, <\/strong>Professor, \u201cSt-s Cyril and Methodius\u201d University, Faculty of Law<\/p>\n<p><iframe loading=\"lazy\" width=\"500\" height=\"281\" src=\"https:\/\/www.youtube.com\/embed\/JO9QpRBlGow?start=1&#038;feature=oembed\" frameborder=\"0\" allow=\"accelerometer; autoplay; clipboard-write; encrypted-media; gyroscope; picture-in-picture\" allowfullscreen><\/iframe><\/p>\n","protected":false},"excerpt":{"rendered":"<p>Second session of the second cycle of Working group 3 \u2013 Judiciary and fundamental rights (Chapter 23) of the National Convention on the European Union in the Republic of North Macedonia (NCEU-MK) on the subject:\u00a0&#8220;Freedom of expression against defamation insult and hate speech&#8221; Participants: Mileva GJUROVSKA, Professor, National coordinator of NCEU-MK, President of European Movement [&hellip;]<\/p>\n","protected":false},"author":2,"featured_media":5519,"comment_status":"open","ping_status":"open","sticky":false,"template":"","format":"standard","meta":{"_mi_skip_tracking":false,"_links_to":"","_links_to_target":""},"categories":[81,4],"tags":[],"_links":{"self":[{"href":"https:\/\/nkeu.mk\/en\/wp-json\/wp\/v2\/posts\/5804"}],"collection":[{"href":"https:\/\/nkeu.mk\/en\/wp-json\/wp\/v2\/posts"}],"about":[{"href":"https:\/\/nkeu.mk\/en\/wp-json\/wp\/v2\/types\/post"}],"author":[{"embeddable":true,"href":"https:\/\/nkeu.mk\/en\/wp-json\/wp\/v2\/users\/2"}],"replies":[{"embeddable":true,"href":"https:\/\/nkeu.mk\/en\/wp-json\/wp\/v2\/comments?post=5804"}],"version-history":[{"count":3,"href":"https:\/\/nkeu.mk\/en\/wp-json\/wp\/v2\/posts\/5804\/revisions"}],"predecessor-version":[{"id":6957,"href":"https:\/\/nkeu.mk\/en\/wp-json\/wp\/v2\/posts\/5804\/revisions\/6957"}],"wp:featuredmedia":[{"embeddable":true,"href":"https:\/\/nkeu.mk\/en\/wp-json\/wp\/v2\/media\/5519"}],"wp:attachment":[{"href":"https:\/\/nkeu.mk\/en\/wp-json\/wp\/v2\/media?parent=5804"}],"wp:term":[{"taxonomy":"category","embeddable":true,"href":"https:\/\/nkeu.mk\/en\/wp-json\/wp\/v2\/categories?post=5804"},{"taxonomy":"post_tag","embeddable":true,"href":"https:\/\/nkeu.mk\/en\/wp-json\/wp\/v2\/tags?post=5804"}],"curies":[{"name":"wp","href":"https:\/\/api.w.org\/{rel}","templated":true}]}}